{"id":5572,"date":"2021-02-26T19:08:24","date_gmt":"2021-02-26T18:08:24","guid":{"rendered":"https:\/\/www.mr-beelzebuth.com\/?p=5572"},"modified":"2021-02-26T19:22:36","modified_gmt":"2021-02-26T18:22:36","slug":"legumes-grilles-au-four-avec-aioli-sans-oeufs","status":"publish","type":"post","link":"https:\/\/www.mr-beelzebuth.com\/en\/2021\/02\/26\/legumes-grilles-au-four-avec-aioli-sans-oeufs\/","title":{"rendered":">L\u00e9gumes grill\u00e9s au four avec a\u00efoli sans \u0153ufs."},"content":{"rendered":"\n<p><\/p>\n\n\n\n<figure class=\"wp-block-image size-large\"><img loading=\"lazy\" decoding=\"async\" width=\"612\" height=\"1024\" src=\"https:\/\/www.mr-beelzebuth.com\/wp-content\/uploads\/2021\/02\/VERDURAS-AL-VAPOR-22-02-2021-7-612x1024.jpg\" alt=\"\" class=\"wp-image-5556\" srcset=\"https:\/\/www.mr-beelzebuth.com\/wp-content\/uploads\/2021\/02\/VERDURAS-AL-VAPOR-22-02-2021-7-612x1024.jpg 612w, https:\/\/www.mr-beelzebuth.com\/wp-content\/uploads\/2021\/02\/VERDURAS-AL-VAPOR-22-02-2021-7-179x300.jpg 179w, https:\/\/www.mr-beelzebuth.com\/wp-content\/uploads\/2021\/02\/VERDURAS-AL-VAPOR-22-02-2021-7-768x1285.jpg 768w, https:\/\/www.mr-beelzebuth.com\/wp-content\/uploads\/2021\/02\/VERDURAS-AL-VAPOR-22-02-2021-7-918x1536.jpg 918w, https:\/\/www.mr-beelzebuth.com\/wp-content\/uploads\/2021\/02\/VERDURAS-AL-VAPOR-22-02-2021-7-1224x2048.jpg 1224w, https:\/\/www.mr-beelzebuth.com\/wp-content\/uploads\/2021\/02\/VERDURAS-AL-VAPOR-22-02-2021-7-scaled.jpg 1531w\" sizes=\"auto, (max-width: 612px) 100vw, 612px\" \/><\/figure>\n\n\n\n<p><em><strong>Ingr\u00e9dients<\/strong><\/em> pour 2 personnes<\/p>\n\n\n\n<p><br>4 carottes<br>5 radis<br>1 fenouil<br>10 patates grenailles<br>2 oignons verts<br>1 tasse de caf\u00e9 \u00e0 l&#8217;huile d&#8217;olive<br>1 tasse \u00e0 caf\u00e9 d&#8217;huile de tournesol<br>1 tasse de caf\u00e9 de lait<br>1 gousse d&#8217;ail<br>Sel et poivre<br>Huile d&#8217;olive<br>\u00c9mulsion de persil.<br>Assortiment de graines<br>Bo\u00eete de filets de thon \u00e0 l&#8217;huile d&#8217;olive (facultatif)<\/p>\n\n\n\n<figure class=\"wp-block-image size-large\"><img loading=\"lazy\" decoding=\"async\" width=\"614\" height=\"1024\" src=\"https:\/\/www.mr-beelzebuth.com\/wp-content\/uploads\/2021\/02\/VERDURAS-AL-VAPOR-22-02-2021-1-614x1024.jpg\" alt=\"\" class=\"wp-image-5559\" srcset=\"https:\/\/www.mr-beelzebuth.com\/wp-content\/uploads\/2021\/02\/VERDURAS-AL-VAPOR-22-02-2021-1-614x1024.jpg 614w, https:\/\/www.mr-beelzebuth.com\/wp-content\/uploads\/2021\/02\/VERDURAS-AL-VAPOR-22-02-2021-1-180x300.jpg 180w, https:\/\/www.mr-beelzebuth.com\/wp-content\/uploads\/2021\/02\/VERDURAS-AL-VAPOR-22-02-2021-1-768x1282.jpg 768w, https:\/\/www.mr-beelzebuth.com\/wp-content\/uploads\/2021\/02\/VERDURAS-AL-VAPOR-22-02-2021-1-920x1536.jpg 920w, https:\/\/www.mr-beelzebuth.com\/wp-content\/uploads\/2021\/02\/VERDURAS-AL-VAPOR-22-02-2021-1-1227x2048.jpg 1227w, https:\/\/www.mr-beelzebuth.com\/wp-content\/uploads\/2021\/02\/VERDURAS-AL-VAPOR-22-02-2021-1-scaled.jpg 1534w\" sizes=\"auto, (max-width: 614px) 100vw, 614px\" \/><\/figure>\n\n\n\n<p><br><em><strong>PREPARATION<\/strong><\/em><br>\u00c9pluchez la gousse d&#8217;ail, mixer-la avec le lait. Verser progressivement et alternativement les deux huiles et ajoutez-les tout en continuant \u00e0 battre jusqu&#8217;\u00e0 \u00e9paississement. Assaisonnez avec du sel et du poivre. Conserver au r\u00e9frig\u00e9rateur jusqu&#8217;au moment de l&#8217;utilisation.<br>\u00c9pluchez les carottes et coupez-les en b\u00e2tonnets.<br>Couper le bulbe de fenouil en quartiers<br>Couper les oignons verts dans le sens de la longueur<br>Coupez les radis en deux.<br>Faites cuire tous les l\u00e9gumes aux micro-ondes dans des sacs en silicone ou sur une assiette avec un film.<br>Environ 4 ou 5 minutes chaque l\u00e9gume s\u00e9par\u00e9ment.<br>Vous pouvez changer les l\u00e9gumes mais cette combinaison \u00e9tait tr\u00e8s savoureuse \u2026<\/p>\n\n\n\n<figure class=\"wp-block-image size-large\"><img loading=\"lazy\" decoding=\"async\" width=\"1024\" height=\"505\" src=\"https:\/\/www.mr-beelzebuth.com\/wp-content\/uploads\/2021\/02\/VERDURAS-AL-VAPOR-22-02-2021-2-1024x505.jpg\" alt=\"\" class=\"wp-image-5565\" srcset=\"https:\/\/www.mr-beelzebuth.com\/wp-content\/uploads\/2021\/02\/VERDURAS-AL-VAPOR-22-02-2021-2-1024x505.jpg 1024w, https:\/\/www.mr-beelzebuth.com\/wp-content\/uploads\/2021\/02\/VERDURAS-AL-VAPOR-22-02-2021-2-300x148.jpg 300w, https:\/\/www.mr-beelzebuth.com\/wp-content\/uploads\/2021\/02\/VERDURAS-AL-VAPOR-22-02-2021-2-768x379.jpg 768w, https:\/\/www.mr-beelzebuth.com\/wp-content\/uploads\/2021\/02\/VERDURAS-AL-VAPOR-22-02-2021-2-1536x757.jpg 1536w, https:\/\/www.mr-beelzebuth.com\/wp-content\/uploads\/2021\/02\/VERDURAS-AL-VAPOR-22-02-2021-2-2048x1010.jpg 2048w\" sizes=\"auto, (max-width: 1024px) 100vw, 1024px\" \/><\/figure>\n\n\n\n<p><br>Vous pouvez les cuire \u00e0 la vapeur ou les blanchir. J&#8217;ai utilis\u00e9 la technique du micro-ondes qui r\u00e9duit les temps et les l\u00e9gumes conservent leurs nutriments.<\/p>\n\n\n\n<figure class=\"wp-block-image size-large\"><img loading=\"lazy\" decoding=\"async\" width=\"505\" height=\"1024\" src=\"https:\/\/www.mr-beelzebuth.com\/wp-content\/uploads\/2021\/02\/VERDURAS-AL-VAPOR-22-02-2021-3-505x1024.jpg\" alt=\"\" class=\"wp-image-5562\" srcset=\"https:\/\/www.mr-beelzebuth.com\/wp-content\/uploads\/2021\/02\/VERDURAS-AL-VAPOR-22-02-2021-3-505x1024.jpg 505w, https:\/\/www.mr-beelzebuth.com\/wp-content\/uploads\/2021\/02\/VERDURAS-AL-VAPOR-22-02-2021-3-148x300.jpg 148w, https:\/\/www.mr-beelzebuth.com\/wp-content\/uploads\/2021\/02\/VERDURAS-AL-VAPOR-22-02-2021-3-768x1558.jpg 768w, https:\/\/www.mr-beelzebuth.com\/wp-content\/uploads\/2021\/02\/VERDURAS-AL-VAPOR-22-02-2021-3-757x1536.jpg 757w, https:\/\/www.mr-beelzebuth.com\/wp-content\/uploads\/2021\/02\/VERDURAS-AL-VAPOR-22-02-2021-3-1010x2048.jpg 1010w, https:\/\/www.mr-beelzebuth.com\/wp-content\/uploads\/2021\/02\/VERDURAS-AL-VAPOR-22-02-2021-3-scaled.jpg 1262w\" sizes=\"auto, (max-width: 505px) 100vw, 505px\" \/><\/figure>\n\n\n\n<p><br>Chauffer le four \u00e0 170 \u00b0 C.<br>Placez les l\u00e9gumes dans un plat \u00e0 four. Ajouter le sel avec le romarin, le thym, le poivre, l&#8217;origan \u2026 et arroser d&#8217;huile d&#8217;olive.<br>Et faites-les griller pendant 15 minutes.<\/p>\n\n\n\n<p><br><em><strong>DRESSAGE<\/strong><\/em><br>Dans chaque assiette mettez une base d&#8217;a\u00efoli et placez les l\u00e9gumes.<br>Ajoutez l&#8217;\u00e9mulsion de persil sur les pommes de terre.<br>Disposez un peu de thon sur chaque assiette et quelques feuilles de persil pour d\u00e9corer. Et saupoudrez avec des grains m\u00e9lang\u00e9s (sesame, courge, chia&#8230;..).<\/p>\n\n\n\n<figure class=\"wp-block-image size-large\"><img loading=\"lazy\" decoding=\"async\" width=\"505\" height=\"1024\" src=\"https:\/\/www.mr-beelzebuth.com\/wp-content\/uploads\/2021\/02\/VERDURAS-AL-VAPOR-22-02-2021-4-505x1024.jpg\" alt=\"\" class=\"wp-image-5568\" srcset=\"https:\/\/www.mr-beelzebuth.com\/wp-content\/uploads\/2021\/02\/VERDURAS-AL-VAPOR-22-02-2021-4-505x1024.jpg 505w, https:\/\/www.mr-beelzebuth.com\/wp-content\/uploads\/2021\/02\/VERDURAS-AL-VAPOR-22-02-2021-4-148x300.jpg 148w, https:\/\/www.mr-beelzebuth.com\/wp-content\/uploads\/2021\/02\/VERDURAS-AL-VAPOR-22-02-2021-4-768x1558.jpg 768w, https:\/\/www.mr-beelzebuth.com\/wp-content\/uploads\/2021\/02\/VERDURAS-AL-VAPOR-22-02-2021-4-757x1536.jpg 757w, https:\/\/www.mr-beelzebuth.com\/wp-content\/uploads\/2021\/02\/VERDURAS-AL-VAPOR-22-02-2021-4-1010x2048.jpg 1010w, https:\/\/www.mr-beelzebuth.com\/wp-content\/uploads\/2021\/02\/VERDURAS-AL-VAPOR-22-02-2021-4-scaled.jpg 1262w\" sizes=\"auto, (max-width: 505px) 100vw, 505px\" \/><\/figure>\n","protected":false},"excerpt":{"rendered":"<p>Ingr\u00e9dients pour 2 personnes 4 carottes5 radis1 fenouil10 patates grenailles2 oignons verts1 tasse de caf\u00e9 \u00e0 l&#8217;huile d&#8217;olive1 tasse \u00e0 caf\u00e9 d&#8217;huile de tournesol1 tasse de caf\u00e9 de lait1 gousse d&#8217;ailSel et poivreHuile d&#8217;olive\u00c9mulsion de persil.Assortiment de grainesBo\u00eete de filets de thon \u00e0 l&#8217;huile d&#8217;olive (facultatif) PREPARATION\u00c9pluchez la gousse d&#8217;ail, mixer-la avec le lait. Verser<a class=\"excerpt-read-more\" href=\"https:\/\/www.mr-beelzebuth.com\/en\/2021\/02\/26\/legumes-grilles-au-four-avec-aioli-sans-oeufs\/\" title=\"Read>L\u00e9gumes grill\u00e9s au four avec a\u00efoli sans \u0153ufs.&#8221;>&#8230; Read more &raquo;<\/a><\/p>\n","protected":false},"author":2,"featured_media":0,"comment_status":"open","ping_status":"open","sticky":false,"template":"","format":"standard","meta":{"footnotes":""},"categories":[7,12],"tags":[],"class_list":["post-5572","post","type-post","status-publish","format-standard","hentry","category-aventures-en","category-recipes"],"yoast_head":"<!-- This site is optimized with the Yoast SEO plugin v26.1.1 - https:\/\/yoast.com\/wordpress\/plugins\/seo\/ -->\n<title>&gt;L\u00e9gumes grill\u00e9s au four avec a\u00efoli sans \u0153ufs. | Mr Beelzebuth<\/title>\n<meta name=\"robots\" content=\"index, follow, max-snippet:-1, max-image-preview:large, max-video-preview:-1\" \/>\n<link rel=\"canonical\" href=\"https:\/\/www.mr-beelzebuth.com\/en\/2021\/02\/26\/legumes-grilles-au-four-avec-aioli-sans-oeufs\/\" \/>\n<meta property=\"og:locale\" content=\"en_US\" \/>\n<meta property=\"og:type\" content=\"article\" \/>\n<meta property=\"og:title\" content=\"&gt;L\u00e9gumes grill\u00e9s au four avec a\u00efoli sans \u0153ufs. | Mr Beelzebuth\" \/>\n<meta property=\"og:description\" content=\"Ingr\u00e9dients pour 2 personnes 4 carottes5 radis1 fenouil10 patates grenailles2 oignons verts1 tasse de caf\u00e9 \u00e0 l&#8217;huile d&#8217;olive1 tasse \u00e0 caf\u00e9 d&#8217;huile de tournesol1 tasse de caf\u00e9 de lait1 gousse d&#8217;ailSel et poivreHuile d&#8217;olive\u00c9mulsion de persil.Assortiment de grainesBo\u00eete de filets de thon \u00e0 l&#8217;huile d&#8217;olive (facultatif) PREPARATION\u00c9pluchez la gousse d&#8217;ail, mixer-la avec le lait. Verser... Read more &raquo;\" \/>\n<meta property=\"og:url\" content=\"https:\/\/www.mr-beelzebuth.com\/en\/2021\/02\/26\/legumes-grilles-au-four-avec-aioli-sans-oeufs\/\" \/>\n<meta property=\"og:site_name\" content=\"Mr Beelzebuth\" \/>\n<meta property=\"article:publisher\" content=\"https:\/\/www.facebook.com\/MR-Beelzebuth-2323310564404398\/\" \/>\n<meta property=\"article:published_time\" content=\"2021-02-26T18:08:24+00:00\" \/>\n<meta property=\"article:modified_time\" content=\"2021-02-26T18:22:36+00:00\" \/>\n<meta property=\"og:image\" content=\"https:\/\/www.mr-beelzebuth.com\/wp-content\/uploads\/2021\/02\/VERDURAS-AL-VAPOR-22-02-2021-7-612x1024.jpg\" \/>\n<meta name=\"author\" content=\"mrbeelzebuth\" \/>\n<meta name=\"twitter:card\" content=\"summary_large_image\" \/>\n<meta name=\"twitter:label1\" content=\"Written by\" \/>\n\t<meta name=\"twitter:data1\" content=\"mrbeelzebuth\" \/>\n\t<meta name=\"twitter:label2\" content=\"Est. reading time\" \/>\n\t<meta name=\"twitter:data2\" content=\"1 minute\" \/>\n<script type=\"application\/ld+json\" class=\"yoast-schema-graph\">{\"@context\":\"https:\/\/schema.org\",\"@graph\":[{\"@type\":\"Article\",\"@id\":\"https:\/\/www.mr-beelzebuth.com\/en\/2021\/02\/26\/legumes-grilles-au-four-avec-aioli-sans-oeufs\/#article\",\"isPartOf\":{\"@id\":\"https:\/\/www.mr-beelzebuth.com\/en\/2021\/02\/26\/legumes-grilles-au-four-avec-aioli-sans-oeufs\/\"},\"author\":{\"name\":\"mrbeelzebuth\",\"@id\":\"https:\/\/www.mr-beelzebuth.com\/en\/#\/schema\/person\/bfe1decd5a73a37f531daa07289adc9f\"},\"headline\":\">L\u00e9gumes grill\u00e9s au four avec a\u00efoli sans \u0153ufs.\",\"datePublished\":\"2021-02-26T18:08:24+00:00\",\"dateModified\":\"2021-02-26T18:22:36+00:00\",\"mainEntityOfPage\":{\"@id\":\"https:\/\/www.mr-beelzebuth.com\/en\/2021\/02\/26\/legumes-grilles-au-four-avec-aioli-sans-oeufs\/\"},\"wordCount\":276,\"commentCount\":0,\"publisher\":{\"@id\":\"https:\/\/www.mr-beelzebuth.com\/en\/#organization\"},\"image\":{\"@id\":\"https:\/\/www.mr-beelzebuth.com\/en\/2021\/02\/26\/legumes-grilles-au-four-avec-aioli-sans-oeufs\/#primaryimage\"},\"thumbnailUrl\":\"https:\/\/www.mr-beelzebuth.com\/wp-content\/uploads\/2021\/02\/VERDURAS-AL-VAPOR-22-02-2021-7-612x1024.jpg\",\"articleSection\":[\"Follow the adventure\",\"Recipes\"],\"inLanguage\":\"en-US\",\"potentialAction\":[{\"@type\":\"CommentAction\",\"name\":\"Comment\",\"target\":[\"https:\/\/www.mr-beelzebuth.com\/en\/2021\/02\/26\/legumes-grilles-au-four-avec-aioli-sans-oeufs\/#respond\"]}]},{\"@type\":\"WebPage\",\"@id\":\"https:\/\/www.mr-beelzebuth.com\/en\/2021\/02\/26\/legumes-grilles-au-four-avec-aioli-sans-oeufs\/\",\"url\":\"https:\/\/www.mr-beelzebuth.com\/en\/2021\/02\/26\/legumes-grilles-au-four-avec-aioli-sans-oeufs\/\",\"name\":\">L\u00e9gumes grill\u00e9s au four avec a\u00efoli sans \u0153ufs. | Mr Beelzebuth\",\"isPartOf\":{\"@id\":\"https:\/\/www.mr-beelzebuth.com\/en\/#website\"},\"primaryImageOfPage\":{\"@id\":\"https:\/\/www.mr-beelzebuth.com\/en\/2021\/02\/26\/legumes-grilles-au-four-avec-aioli-sans-oeufs\/#primaryimage\"},\"image\":{\"@id\":\"https:\/\/www.mr-beelzebuth.com\/en\/2021\/02\/26\/legumes-grilles-au-four-avec-aioli-sans-oeufs\/#primaryimage\"},\"thumbnailUrl\":\"https:\/\/www.mr-beelzebuth.com\/wp-content\/uploads\/2021\/02\/VERDURAS-AL-VAPOR-22-02-2021-7-612x1024.jpg\",\"datePublished\":\"2021-02-26T18:08:24+00:00\",\"dateModified\":\"2021-02-26T18:22:36+00:00\",\"breadcrumb\":{\"@id\":\"https:\/\/www.mr-beelzebuth.com\/en\/2021\/02\/26\/legumes-grilles-au-four-avec-aioli-sans-oeufs\/#breadcrumb\"},\"inLanguage\":\"en-US\",\"potentialAction\":[{\"@type\":\"ReadAction\",\"target\":[\"https:\/\/www.mr-beelzebuth.com\/en\/2021\/02\/26\/legumes-grilles-au-four-avec-aioli-sans-oeufs\/\"]}]},{\"@type\":\"ImageObject\",\"inLanguage\":\"en-US\",\"@id\":\"https:\/\/www.mr-beelzebuth.com\/en\/2021\/02\/26\/legumes-grilles-au-four-avec-aioli-sans-oeufs\/#primaryimage\",\"url\":\"https:\/\/www.mr-beelzebuth.com\/wp-content\/uploads\/2021\/02\/VERDURAS-AL-VAPOR-22-02-2021-7-612x1024.jpg\",\"contentUrl\":\"https:\/\/www.mr-beelzebuth.com\/wp-content\/uploads\/2021\/02\/VERDURAS-AL-VAPOR-22-02-2021-7-612x1024.jpg\"},{\"@type\":\"BreadcrumbList\",\"@id\":\"https:\/\/www.mr-beelzebuth.com\/en\/2021\/02\/26\/legumes-grilles-au-four-avec-aioli-sans-oeufs\/#breadcrumb\",\"itemListElement\":[{\"@type\":\"ListItem\",\"position\":1,\"name\":\"Accueil\",\"item\":\"https:\/\/www.mr-beelzebuth.com\/en\/\"},{\"@type\":\"ListItem\",\"position\":2,\"name\":\">L\u00e9gumes grill\u00e9s au four avec a\u00efoli sans \u0153ufs.\"}]},{\"@type\":\"WebSite\",\"@id\":\"https:\/\/www.mr-beelzebuth.com\/en\/#website\",\"url\":\"https:\/\/www.mr-beelzebuth.com\/en\/\",\"name\":\"MR Beelzebuth\",\"description\":\"\",\"publisher\":{\"@id\":\"https:\/\/www.mr-beelzebuth.com\/en\/#organization\"},\"potentialAction\":[{\"@type\":\"SearchAction\",\"target\":{\"@type\":\"EntryPoint\",\"urlTemplate\":\"https:\/\/www.mr-beelzebuth.com\/en\/?s={search_term_string}\"},\"query-input\":{\"@type\":\"PropertyValueSpecification\",\"valueRequired\":true,\"valueName\":\"search_term_string\"}}],\"inLanguage\":\"en-US\"},{\"@type\":\"Organization\",\"@id\":\"https:\/\/www.mr-beelzebuth.com\/en\/#organization\",\"name\":\"MR BEELZEBUTH\",\"url\":\"https:\/\/www.mr-beelzebuth.com\/en\/\",\"logo\":{\"@type\":\"ImageObject\",\"inLanguage\":\"en-US\",\"@id\":\"https:\/\/www.mr-beelzebuth.com\/en\/#\/schema\/logo\/image\/\",\"url\":\"https:\/\/www.mr-beelzebuth.com\/wp-content\/uploads\/2020\/05\/logo-mr-beelzebuth.jpg\",\"contentUrl\":\"https:\/\/www.mr-beelzebuth.com\/wp-content\/uploads\/2020\/05\/logo-mr-beelzebuth.jpg\",\"width\":284,\"height\":100,\"caption\":\"MR BEELZEBUTH\"},\"image\":{\"@id\":\"https:\/\/www.mr-beelzebuth.com\/en\/#\/schema\/logo\/image\/\"},\"sameAs\":[\"https:\/\/www.facebook.com\/MR-Beelzebuth-2323310564404398\/\",\"https:\/\/www.instagram.com\/mrbeelzebuth\/?hl=fr\"]},{\"@type\":\"Person\",\"@id\":\"https:\/\/www.mr-beelzebuth.com\/en\/#\/schema\/person\/bfe1decd5a73a37f531daa07289adc9f\",\"name\":\"mrbeelzebuth\",\"image\":{\"@type\":\"ImageObject\",\"inLanguage\":\"en-US\",\"@id\":\"https:\/\/www.mr-beelzebuth.com\/en\/#\/schema\/person\/image\/\",\"url\":\"https:\/\/secure.gravatar.com\/avatar\/1aec64cb9a82c20a831c782b1b0caab0a997016df402e1365cbfd99616b4842c?s=96&d=mm&r=g\",\"contentUrl\":\"https:\/\/secure.gravatar.com\/avatar\/1aec64cb9a82c20a831c782b1b0caab0a997016df402e1365cbfd99616b4842c?s=96&d=mm&r=g\",\"caption\":\"mrbeelzebuth\"}}]}<\/script>\n<!-- \/ Yoast SEO plugin. -->","yoast_head_json":{"title":">L\u00e9gumes grill\u00e9s au four avec a\u00efoli sans \u0153ufs. | Mr Beelzebuth","robots":{"index":"index","follow":"follow","max-snippet":"max-snippet:-1","max-image-preview":"max-image-preview:large","max-video-preview":"max-video-preview:-1"},"canonical":"https:\/\/www.mr-beelzebuth.com\/en\/2021\/02\/26\/legumes-grilles-au-four-avec-aioli-sans-oeufs\/","og_locale":"en_US","og_type":"article","og_title":">L\u00e9gumes grill\u00e9s au four avec a\u00efoli sans \u0153ufs. | Mr Beelzebuth","og_description":"Ingr\u00e9dients pour 2 personnes 4 carottes5 radis1 fenouil10 patates grenailles2 oignons verts1 tasse de caf\u00e9 \u00e0 l&#8217;huile d&#8217;olive1 tasse \u00e0 caf\u00e9 d&#8217;huile de tournesol1 tasse de caf\u00e9 de lait1 gousse d&#8217;ailSel et poivreHuile d&#8217;olive\u00c9mulsion de persil.Assortiment de grainesBo\u00eete de filets de thon \u00e0 l&#8217;huile d&#8217;olive (facultatif) PREPARATION\u00c9pluchez la gousse d&#8217;ail, mixer-la avec le lait. Verser... Read more &raquo;","og_url":"https:\/\/www.mr-beelzebuth.com\/en\/2021\/02\/26\/legumes-grilles-au-four-avec-aioli-sans-oeufs\/","og_site_name":"Mr Beelzebuth","article_publisher":"https:\/\/www.facebook.com\/MR-Beelzebuth-2323310564404398\/","article_published_time":"2021-02-26T18:08:24+00:00","article_modified_time":"2021-02-26T18:22:36+00:00","og_image":[{"url":"https:\/\/www.mr-beelzebuth.com\/wp-content\/uploads\/2021\/02\/VERDURAS-AL-VAPOR-22-02-2021-7-612x1024.jpg","type":"","width":"","height":""}],"author":"mrbeelzebuth","twitter_card":"summary_large_image","twitter_misc":{"Written by":"mrbeelzebuth","Est. reading time":"1 minute"},"schema":{"@context":"https:\/\/schema.org","@graph":[{"@type":"Article","@id":"https:\/\/www.mr-beelzebuth.com\/en\/2021\/02\/26\/legumes-grilles-au-four-avec-aioli-sans-oeufs\/#article","isPartOf":{"@id":"https:\/\/www.mr-beelzebuth.com\/en\/2021\/02\/26\/legumes-grilles-au-four-avec-aioli-sans-oeufs\/"},"author":{"name":"mrbeelzebuth","@id":"https:\/\/www.mr-beelzebuth.com\/en\/#\/schema\/person\/bfe1decd5a73a37f531daa07289adc9f"},"headline":">L\u00e9gumes grill\u00e9s au four avec a\u00efoli sans \u0153ufs.","datePublished":"2021-02-26T18:08:24+00:00","dateModified":"2021-02-26T18:22:36+00:00","mainEntityOfPage":{"@id":"https:\/\/www.mr-beelzebuth.com\/en\/2021\/02\/26\/legumes-grilles-au-four-avec-aioli-sans-oeufs\/"},"wordCount":276,"commentCount":0,"publisher":{"@id":"https:\/\/www.mr-beelzebuth.com\/en\/#organization"},"image":{"@id":"https:\/\/www.mr-beelzebuth.com\/en\/2021\/02\/26\/legumes-grilles-au-four-avec-aioli-sans-oeufs\/#primaryimage"},"thumbnailUrl":"https:\/\/www.mr-beelzebuth.com\/wp-content\/uploads\/2021\/02\/VERDURAS-AL-VAPOR-22-02-2021-7-612x1024.jpg","articleSection":["Follow the adventure","Recipes"],"inLanguage":"en-US","potentialAction":[{"@type":"CommentAction","name":"Comment","target":["https:\/\/www.mr-beelzebuth.com\/en\/2021\/02\/26\/legumes-grilles-au-four-avec-aioli-sans-oeufs\/#respond"]}]},{"@type":"WebPage","@id":"https:\/\/www.mr-beelzebuth.com\/en\/2021\/02\/26\/legumes-grilles-au-four-avec-aioli-sans-oeufs\/","url":"https:\/\/www.mr-beelzebuth.com\/en\/2021\/02\/26\/legumes-grilles-au-four-avec-aioli-sans-oeufs\/","name":">L\u00e9gumes grill\u00e9s au four avec a\u00efoli sans \u0153ufs. | Mr Beelzebuth","isPartOf":{"@id":"https:\/\/www.mr-beelzebuth.com\/en\/#website"},"primaryImageOfPage":{"@id":"https:\/\/www.mr-beelzebuth.com\/en\/2021\/02\/26\/legumes-grilles-au-four-avec-aioli-sans-oeufs\/#primaryimage"},"image":{"@id":"https:\/\/www.mr-beelzebuth.com\/en\/2021\/02\/26\/legumes-grilles-au-four-avec-aioli-sans-oeufs\/#primaryimage"},"thumbnailUrl":"https:\/\/www.mr-beelzebuth.com\/wp-content\/uploads\/2021\/02\/VERDURAS-AL-VAPOR-22-02-2021-7-612x1024.jpg","datePublished":"2021-02-26T18:08:24+00:00","dateModified":"2021-02-26T18:22:36+00:00","breadcrumb":{"@id":"https:\/\/www.mr-beelzebuth.com\/en\/2021\/02\/26\/legumes-grilles-au-four-avec-aioli-sans-oeufs\/#breadcrumb"},"inLanguage":"en-US","potentialAction":[{"@type":"ReadAction","target":["https:\/\/www.mr-beelzebuth.com\/en\/2021\/02\/26\/legumes-grilles-au-four-avec-aioli-sans-oeufs\/"]}]},{"@type":"ImageObject","inLanguage":"en-US","@id":"https:\/\/www.mr-beelzebuth.com\/en\/2021\/02\/26\/legumes-grilles-au-four-avec-aioli-sans-oeufs\/#primaryimage","url":"https:\/\/www.mr-beelzebuth.com\/wp-content\/uploads\/2021\/02\/VERDURAS-AL-VAPOR-22-02-2021-7-612x1024.jpg","contentUrl":"https:\/\/www.mr-beelzebuth.com\/wp-content\/uploads\/2021\/02\/VERDURAS-AL-VAPOR-22-02-2021-7-612x1024.jpg"},{"@type":"BreadcrumbList","@id":"https:\/\/www.mr-beelzebuth.com\/en\/2021\/02\/26\/legumes-grilles-au-four-avec-aioli-sans-oeufs\/#breadcrumb","itemListElement":[{"@type":"ListItem","position":1,"name":"Accueil","item":"https:\/\/www.mr-beelzebuth.com\/en\/"},{"@type":"ListItem","position":2,"name":">L\u00e9gumes grill\u00e9s au four avec a\u00efoli sans \u0153ufs."}]},{"@type":"WebSite","@id":"https:\/\/www.mr-beelzebuth.com\/en\/#website","url":"https:\/\/www.mr-beelzebuth.com\/en\/","name":"MR Beelzebuth","description":"","publisher":{"@id":"https:\/\/www.mr-beelzebuth.com\/en\/#organization"},"potentialAction":[{"@type":"SearchAction","target":{"@type":"EntryPoint","urlTemplate":"https:\/\/www.mr-beelzebuth.com\/en\/?s={search_term_string}"},"query-input":{"@type":"PropertyValueSpecification","valueRequired":true,"valueName":"search_term_string"}}],"inLanguage":"en-US"},{"@type":"Organization","@id":"https:\/\/www.mr-beelzebuth.com\/en\/#organization","name":"MR BEELZEBUTH","url":"https:\/\/www.mr-beelzebuth.com\/en\/","logo":{"@type":"ImageObject","inLanguage":"en-US","@id":"https:\/\/www.mr-beelzebuth.com\/en\/#\/schema\/logo\/image\/","url":"https:\/\/www.mr-beelzebuth.com\/wp-content\/uploads\/2020\/05\/logo-mr-beelzebuth.jpg","contentUrl":"https:\/\/www.mr-beelzebuth.com\/wp-content\/uploads\/2020\/05\/logo-mr-beelzebuth.jpg","width":284,"height":100,"caption":"MR BEELZEBUTH"},"image":{"@id":"https:\/\/www.mr-beelzebuth.com\/en\/#\/schema\/logo\/image\/"},"sameAs":["https:\/\/www.facebook.com\/MR-Beelzebuth-2323310564404398\/","https:\/\/www.instagram.com\/mrbeelzebuth\/?hl=fr"]},{"@type":"Person","@id":"https:\/\/www.mr-beelzebuth.com\/en\/#\/schema\/person\/bfe1decd5a73a37f531daa07289adc9f","name":"mrbeelzebuth","image":{"@type":"ImageObject","inLanguage":"en-US","@id":"https:\/\/www.mr-beelzebuth.com\/en\/#\/schema\/person\/image\/","url":"https:\/\/secure.gravatar.com\/avatar\/1aec64cb9a82c20a831c782b1b0caab0a997016df402e1365cbfd99616b4842c?s=96&d=mm&r=g","contentUrl":"https:\/\/secure.gravatar.com\/avatar\/1aec64cb9a82c20a831c782b1b0caab0a997016df402e1365cbfd99616b4842c?s=96&d=mm&r=g","caption":"mrbeelzebuth"}}]}},"_links":{"self":[{"href":"https:\/\/www.mr-beelzebuth.com\/en\/wp-json\/wp\/v2\/posts\/5572","targetHints":{"allow":["GET"]}}],"collection":[{"href":"https:\/\/www.mr-beelzebuth.com\/en\/wp-json\/wp\/v2\/posts"}],"about":[{"href":"https:\/\/www.mr-beelzebuth.com\/en\/wp-json\/wp\/v2\/types\/post"}],"author":[{"embeddable":true,"href":"https:\/\/www.mr-beelzebuth.com\/en\/wp-json\/wp\/v2\/users\/2"}],"replies":[{"embeddable":true,"href":"https:\/\/www.mr-beelzebuth.com\/en\/wp-json\/wp\/v2\/comments?post=5572"}],"version-history":[{"count":5,"href":"https:\/\/www.mr-beelzebuth.com\/en\/wp-json\/wp\/v2\/posts\/5572\/revisions"}],"predecessor-version":[{"id":5586,"href":"https:\/\/www.mr-beelzebuth.com\/en\/wp-json\/wp\/v2\/posts\/5572\/revisions\/5586"}],"wp:attachment":[{"href":"https:\/\/www.mr-beelzebuth.com\/en\/wp-json\/wp\/v2\/media?parent=5572"}],"wp:term":[{"taxonomy":"category","embeddable":true,"href":"https:\/\/www.mr-beelzebuth.com\/en\/wp-json\/wp\/v2\/categories?post=5572"},{"taxonomy":"post_tag","embeddable":true,"href":"https:\/\/www.mr-beelzebuth.com\/en\/wp-json\/wp\/v2\/tags?post=5572"}],"curies":[{"name":"wp","href":"https:\/\/api.w.org\/{rel}","templated":true}]}}